{"id":1374,"date":"2026-03-02T14:28:30","date_gmt":"2026-03-02T18:28:30","guid":{"rendered":"https:\/\/www.alcaldiacaroni.gob.ve\/portal\/?p=1374"},"modified":"2026-03-04T14:29:58","modified_gmt":"2026-03-04T18:29:58","slug":"fsc-marzo-mes-de-la-mujer-y-de-compromiso-con-la-vida","status":"publish","type":"post","link":"https:\/\/www.alcaldiacaroni.gob.ve\/portal\/2026\/03\/02\/fsc-marzo-mes-de-la-mujer-y-de-compromiso-con-la-vida\/","title":{"rendered":"FSC: &#8220;Marzo, mes de la mujer y de compromiso con la vida. &#8220;"},"content":{"rendered":"\n<figure class=\"wp-block-gallery has-nested-images columns-default is-cropped wp-block-gallery-1 is-layout-flex wp-block-gallery-is-layout-flex\">\n<figure class=\"wp-block-image size-large\"><img fetchpriority=\"high\" decoding=\"async\" width=\"1024\" height=\"684\" data-id=\"1375\" src=\"https:\/\/www.alcaldiacaroni.gob.ve\/portal\/wp-content\/uploads\/2026\/03\/5f4ab297-efb4-47da-badc-cf934601c9ff-1024x684.jpg\" alt=\"\" class=\"wp-image-1375\" srcset=\"https:\/\/www.alcaldiacaroni.gob.ve\/portal\/wp-content\/uploads\/2026\/03\/5f4ab297-efb4-47da-badc-cf934601c9ff-1024x684.jpg 1024w, https:\/\/www.alcaldiacaroni.gob.ve\/portal\/wp-content\/uploads\/2026\/03\/5f4ab297-efb4-47da-badc-cf934601c9ff-300x200.jpg 300w, https:\/\/www.alcaldiacaroni.gob.ve\/portal\/wp-content\/uploads\/2026\/03\/5f4ab297-efb4-47da-badc-cf934601c9ff-768x513.jpg 768w, https:\/\/www.alcaldiacaroni.gob.ve\/portal\/wp-content\/uploads\/2026\/03\/5f4ab297-efb4-47da-badc-cf934601c9ff.jpg 1280w\" sizes=\"(max-width: 1024px) 100vw, 1024px\" \/><\/figure>\n\n\n\n<figure class=\"wp-block-image size-large\"><img decoding=\"async\" width=\"1024\" height=\"684\" data-id=\"1378\" src=\"https:\/\/www.alcaldiacaroni.gob.ve\/portal\/wp-content\/uploads\/2026\/03\/3756f09f-f92b-4d14-9f65-780827a6e2fe-1024x684.jpg\" alt=\"\" class=\"wp-image-1378\" srcset=\"https:\/\/www.alcaldiacaroni.gob.ve\/portal\/wp-content\/uploads\/2026\/03\/3756f09f-f92b-4d14-9f65-780827a6e2fe-1024x684.jpg 1024w, https:\/\/www.alcaldiacaroni.gob.ve\/portal\/wp-content\/uploads\/2026\/03\/3756f09f-f92b-4d14-9f65-780827a6e2fe-300x200.jpg 300w, https:\/\/www.alcaldiacaroni.gob.ve\/portal\/wp-content\/uploads\/2026\/03\/3756f09f-f92b-4d14-9f65-780827a6e2fe-768x513.jpg 768w, https:\/\/www.alcaldiacaroni.gob.ve\/portal\/wp-content\/uploads\/2026\/03\/3756f09f-f92b-4d14-9f65-780827a6e2fe.jpg 1280w\" sizes=\"(max-width: 1024px) 100vw, 1024px\" \/><\/figure>\n\n\n\n<figure class=\"wp-block-image size-large\"><img decoding=\"async\" width=\"1024\" height=\"684\" data-id=\"1377\" src=\"https:\/\/www.alcaldiacaroni.gob.ve\/portal\/wp-content\/uploads\/2026\/03\/12b82e61-0e21-4e5c-b240-4996bc06a617-1024x684.jpg\" alt=\"\" class=\"wp-image-1377\" srcset=\"https:\/\/www.alcaldiacaroni.gob.ve\/portal\/wp-content\/uploads\/2026\/03\/12b82e61-0e21-4e5c-b240-4996bc06a617-1024x684.jpg 1024w, https:\/\/www.alcaldiacaroni.gob.ve\/portal\/wp-content\/uploads\/2026\/03\/12b82e61-0e21-4e5c-b240-4996bc06a617-300x200.jpg 300w, https:\/\/www.alcaldiacaroni.gob.ve\/portal\/wp-content\/uploads\/2026\/03\/12b82e61-0e21-4e5c-b240-4996bc06a617-768x513.jpg 768w, https:\/\/www.alcaldiacaroni.gob.ve\/portal\/wp-content\/uploads\/2026\/03\/12b82e61-0e21-4e5c-b240-4996bc06a617.jpg 1280w\" sizes=\"(max-width: 1024px) 100vw, 1024px\" \/><\/figure>\n\n\n\n<figure class=\"wp-block-image size-large\"><img loading=\"lazy\" decoding=\"async\" width=\"1024\" height=\"684\" data-id=\"1376\" src=\"https:\/\/www.alcaldiacaroni.gob.ve\/portal\/wp-content\/uploads\/2026\/03\/87d397f3-62af-4e7f-ba8d-8bd4c8945952-1024x684.jpg\" alt=\"\" class=\"wp-image-1376\" srcset=\"https:\/\/www.alcaldiacaroni.gob.ve\/portal\/wp-content\/uploads\/2026\/03\/87d397f3-62af-4e7f-ba8d-8bd4c8945952-1024x684.jpg 1024w, https:\/\/www.alcaldiacaroni.gob.ve\/portal\/wp-content\/uploads\/2026\/03\/87d397f3-62af-4e7f-ba8d-8bd4c8945952-300x200.jpg 300w, https:\/\/www.alcaldiacaroni.gob.ve\/portal\/wp-content\/uploads\/2026\/03\/87d397f3-62af-4e7f-ba8d-8bd4c8945952-768x513.jpg 768w, https:\/\/www.alcaldiacaroni.gob.ve\/portal\/wp-content\/uploads\/2026\/03\/87d397f3-62af-4e7f-ba8d-8bd4c8945952.jpg 1280w\" sizes=\"(max-width: 1024px) 100vw, 1024px\" \/><\/figure>\n<\/figure>\n\n\n\n<ul class=\"wp-block-list\">\n<li>La primera dama y presidenta de la Fundaci\u00f3n Social Caron\u00ed, Grehisiz Delgado de Alonzo, reconoci\u00f3 la labor de cada hombre y cada mujer en los territorios, en la promoci\u00f3n de la Misi\u00f3n Parto Humanizado en el municipio.<\/li>\n<\/ul>\n\n\n\n<p>Esta semana inici\u00f3 el mes de marzo, mes de la mujer, tiempo para reconocer a todas las f\u00e9minas del municipio, por ser guerreras, fuertes, impetuosas y por sobre todo, trabajadoras, por ellas, por su hogar y por el pr\u00f3jimo, resalt\u00f3 Grehisiz Delgado de Alonzo, primera dama del municipio Caron\u00ed.<\/p>\n\n\n\n<p>La Alcald\u00eda Bolivariana de Caron\u00ed, desde el Instituto Municipal de La Mujer y la Fundaci\u00f3n Social Caron\u00ed, honr\u00f3 la labor de todos quienes integran la Misi\u00f3n Parto Humanizado, que tiene como fin, preparar y acompa\u00f1ar a las embarazadas para que cumplan los controles correspondientes durante la gestaci\u00f3n y tengan un parto digno.<\/p>\n\n\n\n<p>&#8220;A todo el personal que integra este programa, reciban nuestro eterno agradecimiento por su admirable labor y entrega diaria, su trabajo es el coraz\u00f3n de este proyecto; sigamos fortaleciendo este plan para garantizar un nacimiento respetado y lleno de amor para todas las mujeres de nuestro municipio&#8221;, recalc\u00f3 la presidenta de la Fundaci\u00f3n Social Caron\u00ed.<\/p>\n\n\n\n<p>Insisti\u00f3 en la importancia de mantener la constancia para seguir atendiendo y ayudando a las mujeres embarazadas para que se sientan seguras, respetadas y protagonistas de su propia historia.<\/p>\n\n\n\n<p>&#8220;Es un s\u00edmbolo de identidad y compromiso, yo s\u00e9 que todos lo tienen, porque ese es un plan del que yo estoy enamorada, es un plan donde ustedes realizan su trabajo con mucho amor y mucho compromiso; como madre, como esposa, como primera dama les digo, vamos a seguir captando a nuestras mujeres embarazadas de nuestro municipio, llev\u00e1ndolas y manteni\u00e9ndoles su control como bien lo establece nuestro programa&#8221; recalc\u00f3 Delgado.<\/p>\n\n\n\n<p>Dotaci\u00f3n t\u00e9cnica<\/p>\n\n\n\n<p>Por su parte, Mirna Abreu, Gerente General del Instituto Municipal de la Mujer y Casa de la Mujer, tambi\u00e9n resalt\u00f3 el trabajo de los promotores y promotoras.<\/p>\n\n\n\n<p>&#8220;A todos y cada uno de quienes integran el equipo humano de Parto Humanizado, tenemos el gusto y el honor de hacerles entrega de la dotaci\u00f3n de herramientas esenciales y uniformes para mejorar el desempe\u00f1o en la labor que cumple cada uno dentro del programa, y como funcionarios de la Alcald\u00eda de Caron\u00ed&#8221;, enfatiz\u00f3 Abreu.<\/p>\n\n\n\n<p>Felicitaciones<\/p>\n\n\n\n<p>Entre tanto, el alcalde Yanny Alonzo, invitado especial, califico de importante y bell\u00edsimo el programa que el personal de Parto Humanizado desarrollan, lo que merece el respeto y reconocimiento de todos.<\/p>\n\n\n\n<p>&#8220;Felicito p\u00fablicamente a mi esposa Grehisisz Delgado, por este excelente trabajo que vienen desarrollando, que se ve en este espacio, donde m\u00e1s que entregar esta dotaci\u00f3n, es agradecerles a ustedes y que cuenten con nosotros para ser mejores en este movimiento de mujeres y hombres del Plan Parto Humanizado&#8221;, expres\u00f3 Alonzo.<\/p>\n","protected":false},"excerpt":{"rendered":"<p>Esta semana inici\u00f3 el mes de marzo, mes de la mujer, tiempo para reconocer a todas las f\u00e9minas del municipio, por ser guerreras, fuertes, impetuosas y por sobre todo, trabajadoras, [&hellip;]<\/p>\n","protected":false},"author":2,"featured_media":1378,"comment_status":"closed","ping_status":"open","sticky":false,"template":"","format":"standard","meta":{"_EventAllDay":false,"_EventTimezone":"","_EventStartDate":"","_EventEndDate":"","_EventStartDateUTC":"","_EventEndDateUTC":"","_EventShowMap":false,"_EventShowMapLink":false,"_EventURL":"","_EventCost":"","_EventCostDescription":"","_EventCurrencySymbol":"","_EventCurrencyCode":"","_EventCurrencyPosition":"","_EventDateTimeSeparator":"","_EventTimeRangeSeparator":"","_EventOrganizerID":[],"_EventVenueID":[],"_OrganizerEmail":"","_OrganizerPhone":"","_OrganizerWebsite":"","_VenueAddress":"","_VenueCity":"","_VenueCountry":"","_VenueProvince":"","_VenueState":"","_VenueZip":"","_VenuePhone":"","_VenueURL":"","_VenueStateProvince":"","_VenueLat":"","_VenueLng":"","_VenueShowMap":false,"_VenueShowMapLink":false,"footnotes":""},"categories":[7],"tags":[],"class_list":["post-1374","post","type-post","status-publish","format-standard","has-post-thumbnail","hentry","category-gestion"],"_links":{"self":[{"href":"https:\/\/www.alcaldiacaroni.gob.ve\/portal\/wp-json\/wp\/v2\/posts\/1374","targetHints":{"allow":["GET"]}}],"collection":[{"href":"https:\/\/www.alcaldiacaroni.gob.ve\/portal\/wp-json\/wp\/v2\/posts"}],"about":[{"href":"https:\/\/www.alcaldiacaroni.gob.ve\/portal\/wp-json\/wp\/v2\/types\/post"}],"author":[{"embeddable":true,"href":"https:\/\/www.alcaldiacaroni.gob.ve\/portal\/wp-json\/wp\/v2\/users\/2"}],"replies":[{"embeddable":true,"href":"https:\/\/www.alcaldiacaroni.gob.ve\/portal\/wp-json\/wp\/v2\/comments?post=1374"}],"version-history":[{"count":1,"href":"https:\/\/www.alcaldiacaroni.gob.ve\/portal\/wp-json\/wp\/v2\/posts\/1374\/revisions"}],"predecessor-version":[{"id":1379,"href":"https:\/\/www.alcaldiacaroni.gob.ve\/portal\/wp-json\/wp\/v2\/posts\/1374\/revisions\/1379"}],"wp:featuredmedia":[{"embeddable":true,"href":"https:\/\/www.alcaldiacaroni.gob.ve\/portal\/wp-json\/wp\/v2\/media\/1378"}],"wp:attachment":[{"href":"https:\/\/www.alcaldiacaroni.gob.ve\/portal\/wp-json\/wp\/v2\/media?parent=1374"}],"wp:term":[{"taxonomy":"category","embeddable":true,"href":"https:\/\/www.alcaldiacaroni.gob.ve\/portal\/wp-json\/wp\/v2\/categories?post=1374"},{"taxonomy":"post_tag","embeddable":true,"href":"https:\/\/www.alcaldiacaroni.gob.ve\/portal\/wp-json\/wp\/v2\/tags?post=1374"}],"curies":[{"name":"wp","href":"https:\/\/api.w.org\/{rel}","templated":true}]}}